{"id":1,"date":"2021-11-10T18:40:05","date_gmt":"2021-11-10T18:40:05","guid":{"rendered":"https:\/\/aulahugochavez.org.ve\/?p=1"},"modified":"2022-03-08T21:04:06","modified_gmt":"2022-03-08T21:04:06","slug":"inicio","status":"publish","type":"post","link":"https:\/\/aulahugochavez.org.ve\/index.php\/2021\/11\/10\/inicio\/","title":{"rendered":"Diplomado \u201cVisi\u00f3n General del Legado del Comandante Hugo Ch\u00e1vez\u201c"},"content":{"rendered":"\r\n<div class=\"wp-block-group\"><div class=\"wp-block-group__inner-container is-layout-flow wp-block-group-is-layout-flow\">\r\n<p align=\"justify\"><span style=\"color: #1a1a1a;\"><span style=\"font-family: Arial, sans-serif;\"><span style=\"font-size: medium;\">El Instituto de Altos Estudios del Pensamiento del Comandante Supremo Hugo Rafael Ch\u00e1vez Fr\u00edas, fue creado con el fin de preservar y difundir el legado del m\u00e1ximo l\u00edder de la Revoluci\u00f3n Bolivariana; siendo definido en cumplimiento de su objeto un Sistema de Formaci\u00f3n soportado en diferentes iniciativas pedag\u00f3gicas, entre las cuales est\u00e1n: c\u00e1tedras, charlas, foros, conferencias, talleres, seminarios, cine-foros, diplomados, cursos de postgrado no conducentes a t\u00edtulos acad\u00e9micos, y maestr\u00edas.<\/span><\/span><\/span><\/p>\r\n<p align=\"justify\"><span style=\"font-family: Arial, sans-serif;\">En este marco, ha sido dise\u00f1ado el Diplomado \u201cVisi\u00f3n General del Legado del Comandante Hugo Ch\u00e1vez\u201c, que tiene como prop\u00f3sito potenciar en los y las participantes el estudio de las virtudes, principios, actitudes y valores que caracterizaron su trayectoria p\u00fablica y legado ejemplar, siempre orientado por un profundo amor por el pueblo venezolano y nuestroamericano, soportado en una enorme sensibilidad social, conciencia hist\u00f3rica y ecol\u00f3gica, corresponsabilidad y solidaridad, estimulando el pensamiento cr\u00edtico, las potencialidades creadoras y el trabajo productivo liberador.<\/span><\/p>\r\n<p align=\"justify\"><span style=\"font-family: Arial, sans-serif;\">En fin, se trata de abordar algunos temas que dan cuenta del accionar revolucionario que caracteriz\u00f3 la vida y gesti\u00f3n de gobierno del Comandante Ch\u00e1vez, en tanto ser sensible a los problemas de la poblaci\u00f3n hist\u00f3ricamente excluida e invisibilizada, lo cual lo motiv\u00f3 a impulsar la lucha por la inclusi\u00f3n y justicia social, la erradicaci\u00f3n de la pobreza y la dignificaci\u00f3n de la mujer, los ni\u00f1os, ni\u00f1as y j\u00f3venes; as\u00ed como por los derechos de los y las ind\u00edgenas, los afrovenezolanos y las afrovenezolanas, personas con discapacidad y, adultos y adultas mayores, en Nuestram\u00e9rica y el mundo.<\/span><\/p>\r\n<p align=\"justify\"><span style=\"font-family: Arial, sans-serif;\">Algunos de los elementos que dan cuenta del marco conceptual que orienta el desarrollo del Diplomado, son los siguientes:<\/span><\/p>\r\n<p align=\"justify\"><span style=\"font-family: Arial, sans-serif;\">Fortalecer la conciencia social, hist\u00f3rica, cultural, ecol\u00f3gica, pol\u00edtica e ideol\u00f3gica de los y las participantes a trav\u00e9s de la aproximaci\u00f3n cr\u00edtica-reflexiva al legado del Comandante Ch\u00e1vez.<\/span><\/p>\r\n<p align=\"justify\"><span style=\"font-family: Arial, sans-serif;\">Comprender las circunstancias que forjaron el pensamiento del Comandante Hugo Ch\u00e1vez y su compromiso con las luchas del pueblo venezolano, nuestroamericano y mundial.<\/span><\/p>\r\n<p align=\"justify\"><span style=\"font-family: Arial, sans-serif;\">Valorar la visi\u00f3n \u00e9tica del socialismo propuesto por el Comandante Ch\u00e1vez y su aplicaci\u00f3n en la forma de hacer pol\u00edtica a nivel personal y comunitario.<\/span><\/p>\r\n<p align=\"justify\"><span style=\"font-family: Arial, sans-serif;\">Construir y aplicar diversas iniciativas orientadas a la preservaci\u00f3n y difusi\u00f3n del ideario del Comandante Ch\u00e1vez, como estrategia para garantizar la continuidad y perdurabilidad de su legado.<\/span><\/p>\r\n<p align=\"justify\"><span style=\"font-family: Arial, sans-serif;\">Para preinscribirte has clic en el siguiente enlace:\u00a0<a href=\"https:\/\/forms.gle\/ijC9wXougRG26zDJ8\">https:\/\/forms.gle\/ijC9wXougRG26zDJ8<\/a><\/span><\/p>\r\n<p align=\"justify\">Has clic aqu\u00ed\u00a0 \u00a0<a href=\"https:\/\/aulahugochavez.org.ve\/virtual\/\">https:\/\/aulahugochavez.org.ve\/virtual\/<\/a> \u00a0 para acceder como invitado en el aula Virtual<\/p>\r\n<p align=\"justify\">Contenido program\u00e1tico <a href=\"https:\/\/aulahugochavez.org.ve\/wp-content\/uploads\/2021\/11\/Estructura-del-Diplomado-2022-1.pdf\">Estructura del Diplomado 2022<\/a><\/p>\r\n<\/div><\/div>\r\n\r\n\r\n\r\n<p>&nbsp;<\/p>\r\n","protected":false},"excerpt":{"rendered":"<p>El Instituto de Altos Estudios del Pensamiento del Comandante Supremo Hugo Rafael Ch\u00e1vez Fr\u00edas, fue creado con el fin de preservar y difundir el legado del m\u00e1ximo l\u00edder de la Revoluci\u00f3n Bolivariana; siendo definido en cumplimiento de su objeto un Sistema de Formaci\u00f3n soportado en diferentes iniciativas pedag\u00f3gicas, entre las cuales est\u00e1n: c\u00e1tedras, charlas, foros, &hellip; <a href=\"https:\/\/aulahugochavez.org.ve\/index.php\/2021\/11\/10\/inicio\/\" class=\"more-link\">Continuar leyendo<span class=\"screen-reader-text\"> \u00abDiplomado \u201cVisi\u00f3n General del Legado del Comandante Hugo Ch\u00e1vez\u201c\u00bb<\/span><\/a><\/p>\n","protected":false},"author":1,"featured_media":0,"comment_status":"open","ping_status":"open","sticky":true,"template":"","format":"standard","meta":{"footnotes":""},"categories":[1],"tags":[],"class_list":["post-1","post","type-post","status-publish","format-standard","hentry","category-uncategorized"],"_links":{"self":[{"href":"https:\/\/aulahugochavez.org.ve\/index.php\/wp-json\/wp\/v2\/posts\/1","targetHints":{"allow":["GET"]}}],"collection":[{"href":"https:\/\/aulahugochavez.org.ve\/index.php\/wp-json\/wp\/v2\/posts"}],"about":[{"href":"https:\/\/aulahugochavez.org.ve\/index.php\/wp-json\/wp\/v2\/types\/post"}],"author":[{"embeddable":true,"href":"https:\/\/aulahugochavez.org.ve\/index.php\/wp-json\/wp\/v2\/users\/1"}],"replies":[{"embeddable":true,"href":"https:\/\/aulahugochavez.org.ve\/index.php\/wp-json\/wp\/v2\/comments?post=1"}],"version-history":[{"count":20,"href":"https:\/\/aulahugochavez.org.ve\/index.php\/wp-json\/wp\/v2\/posts\/1\/revisions"}],"predecessor-version":[{"id":103,"href":"https:\/\/aulahugochavez.org.ve\/index.php\/wp-json\/wp\/v2\/posts\/1\/revisions\/103"}],"wp:attachment":[{"href":"https:\/\/aulahugochavez.org.ve\/index.php\/wp-json\/wp\/v2\/media?parent=1"}],"wp:term":[{"taxonomy":"category","embeddable":true,"href":"https:\/\/aulahugochavez.org.ve\/index.php\/wp-json\/wp\/v2\/categories?post=1"},{"taxonomy":"post_tag","embeddable":true,"href":"https:\/\/aulahugochavez.org.ve\/index.php\/wp-json\/wp\/v2\/tags?post=1"}],"curies":[{"name":"wp","href":"https:\/\/api.w.org\/{rel}","templated":true}]}}